{"id":1480,"date":"2016-06-14T13:24:49","date_gmt":"2016-06-14T11:24:49","guid":{"rendered":"http:\/\/www.wertblog.ch\/?p=659"},"modified":"2018-09-12T16:14:16","modified_gmt":"2018-09-12T14:14:16","slug":"standards-sind-gesetz-auch-in-der-entwicklung","status":"publish","type":"post","link":"https:\/\/www.wertfabrik.ch\/de\/blog\/standards-sind-gesetz-auch-in-der-entwicklung\/","title":{"rendered":"Standards sind Gesetz \u2013 auch in der Entwicklung"},"content":{"rendered":"","protected":false},"excerpt":{"rendered":"<p>Das Einhalten von Standards ist ein wichtiger Bestandteil f\u00fcr funktionierende Prozesse. Werden sie nicht befolgt, sollte man eine \u00dcberpr\u00fcfung und Anpassung der Standards in Erw\u00e4gung ziehen.<\/p>\n","protected":false},"author":4,"featured_media":0,"comment_status":"open","ping_status":"open","sticky":false,"template":"","format":"standard","meta":[],"categories":[64],"tags":[108,92,109,110,111,112,113,114],"yoast_head":"<!-- This site is optimized with the Yoast SEO plugin v14.8.1 - https:\/\/yoast.com\/wordpress\/plugins\/seo\/ -->\n<meta name=\"robots\" content=\"index, follow\" \/>\n<meta name=\"googlebot\" content=\"index, follow, max-snippet:-1, max-image-preview:large, max-video-preview:-1\" \/>\n<meta name=\"bingbot\" content=\"index, follow, max-snippet:-1, max-image-preview:large, max-video-preview:-1\" \/>\n<link rel=\"canonical\" href=\"https:\/\/www.wertfabrik.ch\/de\/blog\/standards-sind-gesetz-auch-in-der-entwicklung\/\" \/>\n<meta property=\"og:locale\" content=\"de_DE\" \/>\n<meta property=\"og:type\" content=\"article\" \/>\n<meta property=\"og:title\" content=\"Standards sind Gesetz \u2013 auch in der Entwicklung - Wertfabrik\" \/>\n<meta property=\"og:description\" content=\"Das Einhalten von Standards ist ein wichtiger Bestandteil f\u00fcr funktionierende Prozesse. Werden sie nicht befolgt, sollte man eine \u00dcberpr\u00fcfung und Anpassung der Standards in Erw\u00e4gung ziehen.\" \/>\n<meta property=\"og:url\" content=\"https:\/\/www.wertfabrik.ch\/de\/blog\/standards-sind-gesetz-auch-in-der-entwicklung\/\" \/>\n<meta property=\"og:site_name\" content=\"Wertfabrik\" \/>\n<meta property=\"article:published_time\" content=\"2016-06-14T11:24:49+00:00\" \/>\n<meta property=\"article:modified_time\" content=\"2018-09-12T14:14:16+00:00\" \/>\n<meta name=\"twitter:card\" content=\"summary_large_image\" \/>\n<script type=\"application\/ld+json\" class=\"yoast-schema-graph\">{\"@context\":\"https:\/\/schema.org\",\"@graph\":[{\"@type\":\"WebSite\",\"@id\":\"https:\/\/www.wertfabrik.ch\/de\/#website\",\"url\":\"https:\/\/www.wertfabrik.ch\/de\/\",\"name\":\"Wertfabrik\",\"description\":\"\",\"potentialAction\":[{\"@type\":\"SearchAction\",\"target\":\"https:\/\/www.wertfabrik.ch\/de\/?s={search_term_string}\",\"query-input\":\"required name=search_term_string\"}],\"inLanguage\":\"de\"},{\"@type\":\"WebPage\",\"@id\":\"https:\/\/www.wertfabrik.ch\/de\/blog\/standards-sind-gesetz-auch-in-der-entwicklung\/#webpage\",\"url\":\"https:\/\/www.wertfabrik.ch\/de\/blog\/standards-sind-gesetz-auch-in-der-entwicklung\/\",\"name\":\"Standards sind Gesetz \\u2013 auch in der Entwicklung - Wertfabrik\",\"isPartOf\":{\"@id\":\"https:\/\/www.wertfabrik.ch\/de\/#website\"},\"datePublished\":\"2016-06-14T11:24:49+00:00\",\"dateModified\":\"2018-09-12T14:14:16+00:00\",\"author\":{\"@id\":\"https:\/\/www.wertfabrik.ch\/de\/#\/schema\/person\/54b7b64aef25c818a0a9f2b3ddb288b7\"},\"inLanguage\":\"de\",\"potentialAction\":[{\"@type\":\"ReadAction\",\"target\":[\"https:\/\/www.wertfabrik.ch\/de\/blog\/standards-sind-gesetz-auch-in-der-entwicklung\/\"]}]},{\"@type\":\"Person\",\"@id\":\"https:\/\/www.wertfabrik.ch\/de\/#\/schema\/person\/54b7b64aef25c818a0a9f2b3ddb288b7\",\"name\":\"davidmoser\",\"image\":{\"@type\":\"ImageObject\",\"@id\":\"https:\/\/www.wertfabrik.ch\/de\/#personlogo\",\"inLanguage\":\"de\",\"url\":\"https:\/\/secure.gravatar.com\/avatar\/2b5e559c5b3a456ce7ad0a73b5696225?s=96&d=mm&r=g\",\"caption\":\"davidmoser\"}}]}<\/script>\n<!-- \/ Yoast SEO plugin. -->","_links":{"self":[{"href":"https:\/\/www.wertfabrik.ch\/de\/wp-json\/wp\/v2\/posts\/1480"}],"collection":[{"href":"https:\/\/www.wertfabrik.ch\/de\/wp-json\/wp\/v2\/posts"}],"about":[{"href":"https:\/\/www.wertfabrik.ch\/de\/wp-json\/wp\/v2\/types\/post"}],"author":[{"embeddable":true,"href":"https:\/\/www.wertfabrik.ch\/de\/wp-json\/wp\/v2\/users\/4"}],"replies":[{"embeddable":true,"href":"https:\/\/www.wertfabrik.ch\/de\/wp-json\/wp\/v2\/comments?post=1480"}],"version-history":[{"count":12,"href":"https:\/\/www.wertfabrik.ch\/de\/wp-json\/wp\/v2\/posts\/1480\/revisions"}],"predecessor-version":[{"id":3149,"href":"https:\/\/www.wertfabrik.ch\/de\/wp-json\/wp\/v2\/posts\/1480\/revisions\/3149"}],"wp:attachment":[{"href":"https:\/\/www.wertfabrik.ch\/de\/wp-json\/wp\/v2\/media?parent=1480"}],"wp:term":[{"taxonomy":"category","embeddable":true,"href":"https:\/\/www.wertfabrik.ch\/de\/wp-json\/wp\/v2\/categories?post=1480"},{"taxonomy":"post_tag","embeddable":true,"href":"https:\/\/www.wertfabrik.ch\/de\/wp-json\/wp\/v2\/tags?post=1480"}],"curies":[{"name":"wp","href":"https:\/\/api.w.org\/{rel}","templated":true}]}}