{"id":3285,"date":"2018-10-01T13:51:27","date_gmt":"2018-10-01T11:51:27","guid":{"rendered":"https:\/\/www.wertfabrik.ch\/de\/?p=3285"},"modified":"2018-10-05T13:32:32","modified_gmt":"2018-10-05T11:32:32","slug":"leanlive-rieter-ag-rueckblick-2","status":"publish","type":"post","link":"https:\/\/www.wertfabrik.ch\/de\/kundenevent-2018","title":{"rendered":"Gemeinsam Z\u00fcrich entdeckt \u2013 R\u00fcckblick Kundenevent"},"content":{"rendered":"<p>[vc_row][vc_column]<div class=\"site-intro\"><span>Kundenevent Wertfabrik \u2013 R\u00fcckblick<\/span><hr><h1>Gemeinsam Z\u00fcrich entdeckt<\/h1><p>Mit der Schnitzeljagd \u00abFoxtrail\u00bb haben wir an unserem Kundenevent die Stadt Z\u00fcrich entdeckt. In Kleingruppen, gemischt aus treuen Kunden und Mitarbeitenden der Wertfabrik, folgten wir der Spur. Auch f\u00fcr ungezwungenen Austausch \u00fcber Gesch\u00e4ftliches und Allt\u00e4gliches hatten wir Zeit auf unserer Entdeckungstour.<\/p><\/div>[\/vc_column][\/vc_row][vc_row][vc_column width=&#8220;1\/2&#8243;][vc_single_image image=&#8220;3287&#8243; img_size=&#8220;full&#8220; add_caption=&#8220;yes&#8220;][\/vc_column][vc_column width=&#8220;1\/2&#8243;][vc_single_image image=&#8220;3317&#8243; img_size=&#8220;full&#8220; add_caption=&#8220;yes&#8220;][\/vc_column][\/vc_row][vc_row][vc_column width=&#8220;1\/2&#8243;][vc_column_text]Der Foxtrail f\u00fchrte die Gruppen zu verschiedenen Wahrzeichen der Stadt Z\u00fcrich. Unterwegs waren wir zu Fuss und mit den \u00f6ffentlichen Verkehrsmitteln. So durfte z.B. eine Fahrt vom Central zu den Z\u00fcrcher Hochschulen mit der UBS Polybahn nicht fehlen. Eine Gruppe f\u00fchrte der Foxtrail via Standseilbahn Rigiblick an die Freudenbergstrasse. Dort genossen unsere G\u00e4ste einen herrlichen Ausblick auf die Stadt Z\u00fcrich.[\/vc_column_text][\/vc_column][vc_column width=&#8220;1\/2&#8243;][vc_column_text]Nicht nur Sightseeing stand auf dem Programm: Unterwegs l\u00f6sten wir spannende Aufgaben, bei welchen logisches Denken und Teamwork gefragt war.<\/p>\n<p>Wieder getroffen haben sich alle Teilnehmenden des Kundenevents im The Lion Pub. Dort liessen wir den Abend bei Fingerfood und Bier gemeinsam ausklingen. Vielen Dank an alle, die sich Zeit genommen haben, um mit uns diesen spannenden Nachmittag zu verbringen.[\/vc_column_text][\/vc_column][\/vc_row][vc_row][vc_column width=&#8220;1\/2&#8243;][vc_single_image image=&#8220;3288&#8243; img_size=&#8220;full&#8220; add_caption=&#8220;yes&#8220;][\/vc_column][vc_column width=&#8220;1\/2&#8243;][vc_single_image image=&#8220;3290&#8243; img_size=&#8220;full&#8220; add_caption=&#8220;yes&#8220;][\/vc_column][\/vc_row][vc_row][vc_column width=&#8220;1\/2&#8243;][vc_single_image image=&#8220;3289&#8243; img_size=&#8220;full&#8220; add_caption=&#8220;yes&#8220;][\/vc_column][vc_column width=&#8220;1\/2&#8243;][vc_single_image image=&#8220;3318&#8243; img_size=&#8220;full&#8220; add_caption=&#8220;yes&#8220;][\/vc_column][\/vc_row]<\/p>\n","protected":false},"excerpt":{"rendered":"<p>[vc_row][vc_column][\/vc_column][\/vc_row][vc_row][vc_column width=&#8220;1\/2&#8243;][vc_single_image image=&#8220;3287&#8243; img_size=&#8220;full&#8220; add_caption=&#8220;yes&#8220;][\/vc_column][vc_column width=&#8220;1\/2&#8243;][vc_single_image image=&#8220;3317&#8243; img_size=&#8220;full&#8220; add_caption=&#8220;yes&#8220;][\/vc_column][\/vc_row][vc_row][vc_column width=&#8220;1\/2&#8243;][vc_column_text]Der Foxtrail f\u00fchrte die Gruppen zu verschiedenen Wahrzeichen der Stadt Z\u00fcrich. Unterwegs waren wir zu Fuss und mit den \u00f6ffentlichen Verkehrsmitteln. So durfte z.B. eine Fahrt vom Central zu den Z\u00fcrcher Hochschulen mit der UBS Polybahn nicht fehlen. Eine Gruppe f\u00fchrte der Foxtrail via Standseilbahn Rigiblick [&hellip;]<\/p>\n","protected":false},"author":13,"featured_media":0,"comment_status":"open","ping_status":"open","sticky":false,"template":"","format":"standard","meta":[],"categories":[1],"tags":[],"yoast_head":"<!-- This site is optimized with the Yoast SEO plugin v14.8.1 - https:\/\/yoast.com\/wordpress\/plugins\/seo\/ -->\n<meta name=\"robots\" content=\"index, follow\" \/>\n<meta name=\"googlebot\" content=\"index, follow, max-snippet:-1, max-image-preview:large, max-video-preview:-1\" \/>\n<meta name=\"bingbot\" content=\"index, follow, max-snippet:-1, max-image-preview:large, max-video-preview:-1\" \/>\n<link rel=\"canonical\" href=\"https:\/\/www.wertfabrik.ch\/de\/kundenevent-2018\/\" \/>\n<meta property=\"og:locale\" content=\"de_DE\" \/>\n<meta property=\"og:type\" content=\"article\" \/>\n<meta property=\"og:title\" content=\"Gemeinsam Z\u00fcrich entdeckt \u2013 R\u00fcckblick Kundenevent - Wertfabrik\" \/>\n<meta property=\"og:description\" content=\"[vc_row][vc_column][\/vc_column][\/vc_row][vc_row][vc_column width=&#8220;1\/2&#8243;][vc_single_image image=&#8220;3287&#8243; img_size=&#8220;full&#8220; add_caption=&#8220;yes&#8220;][\/vc_column][vc_column width=&#8220;1\/2&#8243;][vc_single_image image=&#8220;3317&#8243; img_size=&#8220;full&#8220; add_caption=&#8220;yes&#8220;][\/vc_column][\/vc_row][vc_row][vc_column width=&#8220;1\/2&#8243;][vc_column_text]Der Foxtrail f\u00fchrte die Gruppen zu verschiedenen Wahrzeichen der Stadt Z\u00fcrich. Unterwegs waren wir zu Fuss und mit den \u00f6ffentlichen Verkehrsmitteln. So durfte z.B. eine Fahrt vom Central zu den Z\u00fcrcher Hochschulen mit der UBS Polybahn nicht fehlen. Eine Gruppe f\u00fchrte der Foxtrail via Standseilbahn Rigiblick [&hellip;]\" \/>\n<meta property=\"og:url\" content=\"https:\/\/www.wertfabrik.ch\/de\/kundenevent-2018\/\" \/>\n<meta property=\"og:site_name\" content=\"Wertfabrik\" \/>\n<meta property=\"article:published_time\" content=\"2018-10-01T11:51:27+00:00\" \/>\n<meta property=\"article:modified_time\" content=\"2018-10-05T11:32:32+00:00\" \/>\n<meta name=\"twitter:card\" content=\"summary_large_image\" \/>\n<script type=\"application\/ld+json\" class=\"yoast-schema-graph\">{\"@context\":\"https:\/\/schema.org\",\"@graph\":[{\"@type\":\"WebSite\",\"@id\":\"https:\/\/www.wertfabrik.ch\/de\/#website\",\"url\":\"https:\/\/www.wertfabrik.ch\/de\/\",\"name\":\"Wertfabrik\",\"description\":\"\",\"potentialAction\":[{\"@type\":\"SearchAction\",\"target\":\"https:\/\/www.wertfabrik.ch\/de\/?s={search_term_string}\",\"query-input\":\"required name=search_term_string\"}],\"inLanguage\":\"de\"},{\"@type\":\"WebPage\",\"@id\":\"https:\/\/www.wertfabrik.ch\/de\/kundenevent-2018\/#webpage\",\"url\":\"https:\/\/www.wertfabrik.ch\/de\/kundenevent-2018\/\",\"name\":\"Gemeinsam Z\\u00fcrich entdeckt \\u2013 R\\u00fcckblick Kundenevent - Wertfabrik\",\"isPartOf\":{\"@id\":\"https:\/\/www.wertfabrik.ch\/de\/#website\"},\"datePublished\":\"2018-10-01T11:51:27+00:00\",\"dateModified\":\"2018-10-05T11:32:32+00:00\",\"author\":{\"@id\":\"https:\/\/www.wertfabrik.ch\/de\/#\/schema\/person\/59196a30ea44875415a72306f6090627\"},\"inLanguage\":\"de\",\"potentialAction\":[{\"@type\":\"ReadAction\",\"target\":[\"https:\/\/www.wertfabrik.ch\/de\/kundenevent-2018\/\"]}]},{\"@type\":\"Person\",\"@id\":\"https:\/\/www.wertfabrik.ch\/de\/#\/schema\/person\/59196a30ea44875415a72306f6090627\",\"name\":\"Mosaix AG\",\"image\":{\"@type\":\"ImageObject\",\"@id\":\"https:\/\/www.wertfabrik.ch\/de\/#personlogo\",\"inLanguage\":\"de\",\"url\":\"https:\/\/secure.gravatar.com\/avatar\/96f0803912dc9df4ce7096a78838965b?s=96&d=mm&r=g\",\"caption\":\"Mosaix AG\"}}]}<\/script>\n<!-- \/ Yoast SEO plugin. -->","_links":{"self":[{"href":"https:\/\/www.wertfabrik.ch\/de\/wp-json\/wp\/v2\/posts\/3285"}],"collection":[{"href":"https:\/\/www.wertfabrik.ch\/de\/wp-json\/wp\/v2\/posts"}],"about":[{"href":"https:\/\/www.wertfabrik.ch\/de\/wp-json\/wp\/v2\/types\/post"}],"author":[{"embeddable":true,"href":"https:\/\/www.wertfabrik.ch\/de\/wp-json\/wp\/v2\/users\/13"}],"replies":[{"embeddable":true,"href":"https:\/\/www.wertfabrik.ch\/de\/wp-json\/wp\/v2\/comments?post=3285"}],"version-history":[{"count":12,"href":"https:\/\/www.wertfabrik.ch\/de\/wp-json\/wp\/v2\/posts\/3285\/revisions"}],"predecessor-version":[{"id":3322,"href":"https:\/\/www.wertfabrik.ch\/de\/wp-json\/wp\/v2\/posts\/3285\/revisions\/3322"}],"wp:attachment":[{"href":"https:\/\/www.wertfabrik.ch\/de\/wp-json\/wp\/v2\/media?parent=3285"}],"wp:term":[{"taxonomy":"category","embeddable":true,"href":"https:\/\/www.wertfabrik.ch\/de\/wp-json\/wp\/v2\/categories?post=3285"},{"taxonomy":"post_tag","embeddable":true,"href":"https:\/\/www.wertfabrik.ch\/de\/wp-json\/wp\/v2\/tags?post=3285"}],"curies":[{"name":"wp","href":"https:\/\/api.w.org\/{rel}","templated":true}]}}