{"id":8146,"date":"2023-11-28T11:17:02","date_gmt":"2023-11-28T10:17:02","guid":{"rendered":"https:\/\/www.wertfabrik.ch\/de\/?p=8146"},"modified":"2023-11-28T11:17:58","modified_gmt":"2023-11-28T10:17:58","slug":"seminarprogramm-2024-ist-online","status":"publish","type":"post","link":"https:\/\/www.wertfabrik.ch\/de\/seminare-2024\/","title":{"rendered":"Das Seminarprogramm 2024 ist online!"},"content":{"rendered":"<p>[vc_row][vc_column]<div class=\"site-intro\"><span>28. November 2023<\/span><hr><h1>Das neue Seminarprogramm 2024 ist online!<\/h1><p>Ab sofort ist die Anmeldung m\u00f6glich f\u00fcr unsere Seminare und LeanLive-Events im Jahr 2024.<\/p><\/div>[\/vc_column][\/vc_row][vc_row css=&#8220;.vc_custom_1574235015123{margin-bottom: 25px !important;}&#8220;][vc_column][vc_single_image image=&#8220;8147&#8243; img_size=&#8220;large&#8220; add_caption=&#8220;yes&#8220; onclick=&#8220;custom_link&#8220; img_link_target=&#8220;_blank&#8220; link=&#8220;https:\/\/www.wertfabrik.ch\/de\/veranstaltung\/grundausbildung-zum-lean-experten-1-2024&#8243;][\/vc_column][\/vc_row][vc_row][vc_column][vc_column_text]<strong><span class=\"break-words \"><span dir=\"ltr\">Erneut haben wir f\u00fcr 2024 ein umfassendes Seminarprogramm f\u00fcr Sie zusammengestellt.<\/span><\/span><\/strong><\/p>\n<p><span style=\"color: #ffffff\">.<\/span><\/p>\n<p><span class=\"break-words \"><span dir=\"ltr\">Nebst den modular aufgebauten &#8222;\u00f6ffentlichen&#8220; Seminaren zu QRM- und Lean-Themen haben Sie auch die M\u00f6glichkeit, bei Ihnen &#8222;inhouse&#8220; auf Ihr Unternehmen zugeschnittene Seminare zu buchen.<\/span><\/span><\/p>\n<p><span style=\"color: #ffffff\">.<\/span><\/p>\n<p><span class=\"break-words \"><span dir=\"ltr\">Verpassen Sie nicht die LeanLive-Fachveranstaltungen. Nutzen Sie die Gelegenheit, bei vier wahren &#8222;Perlen&#8220; n\u00e4her reinzuschaen und zu lernen, wie diese Unternehmen Lean Management umsetzen.<\/span><\/span><\/p>\n<p><span style=\"color: #ffffff\">.<\/span><\/p>\n<p>Zu unserem<a href=\"https:\/\/www.wertfabrik.ch\/de\/wertakademie\/\" target=\"_blank\" rel=\"noopener noreferrer\"> Seminarprogramm 2024 (inklusive Fachveranstaltungen).<\/a><\/p>\n<p><span style=\"color: #ffffff\">.<\/span><\/p>\n<p>Zu den <a href=\"https:\/\/www.wertfabrik.ch\/de\/wertakademie\/inhouse-seminare\/\" target=\"_blank\" rel=\"noopener noreferrer\">Inhouse-Seminaren 2024<\/a>.<\/p>\n<p><span style=\"color: #ffffff\">.<\/span><\/p>\n<p>Die <a href=\"https:\/\/www.wertfabrik.ch\/de\/wp-content\/uploads\/2023\/11\/Seminarbroschuere_2024_final_web.pdf\" target=\"_blank\" rel=\"noopener noreferrer\">Seminarbrosch\u00fcre 2024<\/a> zum Download.[\/vc_column_text][\/vc_column][\/vc_row]<\/p>\n","protected":false},"excerpt":{"rendered":"<p>[vc_row][vc_column][\/vc_column][\/vc_row][vc_row css=&#8220;.vc_custom_1574235015123{margin-bottom: 25px !important;}&#8220;][vc_column][vc_single_image image=&#8220;8147&#8243; img_size=&#8220;large&#8220; add_caption=&#8220;yes&#8220; onclick=&#8220;custom_link&#8220; img_link_target=&#8220;_blank&#8220; link=&#8220;https:\/\/www.wertfabrik.ch\/de\/veranstaltung\/grundausbildung-zum-lean-experten-1-2024&#8243;][\/vc_column][\/vc_row][vc_row][vc_column][vc_column_text]Erneut haben wir f\u00fcr 2024 ein umfassendes Seminarprogramm f\u00fcr Sie zusammengestellt. . Nebst den modular aufgebauten &#8222;\u00f6ffentlichen&#8220; Seminaren zu QRM- und Lean-Themen haben Sie auch die M\u00f6glichkeit, bei Ihnen &#8222;inhouse&#8220; auf Ihr Unternehmen zugeschnittene Seminare zu buchen. . Verpassen Sie nicht die LeanLive-Fachveranstaltungen. Nutzen Sie die [&hellip;]<\/p>\n","protected":false},"author":4,"featured_media":0,"comment_status":"open","ping_status":"open","sticky":false,"template":"","format":"standard","meta":[],"categories":[1],"tags":[239,245,244],"yoast_head":"<!-- This site is optimized with the Yoast SEO plugin v14.8.1 - https:\/\/yoast.com\/wordpress\/plugins\/seo\/ -->\n<meta name=\"robots\" content=\"index, follow\" \/>\n<meta name=\"googlebot\" content=\"index, follow, max-snippet:-1, max-image-preview:large, max-video-preview:-1\" \/>\n<meta name=\"bingbot\" content=\"index, follow, max-snippet:-1, max-image-preview:large, max-video-preview:-1\" \/>\n<link rel=\"canonical\" href=\"https:\/\/www.wertfabrik.ch\/de\/seminare-2024\/\" \/>\n<meta property=\"og:locale\" content=\"de_DE\" \/>\n<meta property=\"og:type\" content=\"article\" \/>\n<meta property=\"og:title\" content=\"Das Seminarprogramm 2024 ist online! - Wertfabrik\" \/>\n<meta property=\"og:description\" content=\"[vc_row][vc_column][\/vc_column][\/vc_row][vc_row css=&#8220;.vc_custom_1574235015123{margin-bottom: 25px !important;}&#8220;][vc_column][vc_single_image image=&#8220;8147&#8243; img_size=&#8220;large&#8220; add_caption=&#8220;yes&#8220; onclick=&#8220;custom_link&#8220; img_link_target=&#8220;_blank&#8220; link=&#8220;https:\/\/www.wertfabrik.ch\/de\/veranstaltung\/grundausbildung-zum-lean-experten-1-2024&#8243;][\/vc_column][\/vc_row][vc_row][vc_column][vc_column_text]Erneut haben wir f\u00fcr 2024 ein umfassendes Seminarprogramm f\u00fcr Sie zusammengestellt. . Nebst den modular aufgebauten &#8222;\u00f6ffentlichen&#8220; Seminaren zu QRM- und Lean-Themen haben Sie auch die M\u00f6glichkeit, bei Ihnen &#8222;inhouse&#8220; auf Ihr Unternehmen zugeschnittene Seminare zu buchen. . Verpassen Sie nicht die LeanLive-Fachveranstaltungen. Nutzen Sie die [&hellip;]\" \/>\n<meta property=\"og:url\" content=\"https:\/\/www.wertfabrik.ch\/de\/seminare-2024\/\" \/>\n<meta property=\"og:site_name\" content=\"Wertfabrik\" \/>\n<meta property=\"article:published_time\" content=\"2023-11-28T10:17:02+00:00\" \/>\n<meta property=\"article:modified_time\" content=\"2023-11-28T10:17:58+00:00\" \/>\n<meta name=\"twitter:card\" content=\"summary_large_image\" \/>\n<script type=\"application\/ld+json\" class=\"yoast-schema-graph\">{\"@context\":\"https:\/\/schema.org\",\"@graph\":[{\"@type\":\"WebSite\",\"@id\":\"https:\/\/www.wertfabrik.ch\/de\/#website\",\"url\":\"https:\/\/www.wertfabrik.ch\/de\/\",\"name\":\"Wertfabrik\",\"description\":\"\",\"potentialAction\":[{\"@type\":\"SearchAction\",\"target\":\"https:\/\/www.wertfabrik.ch\/de\/?s={search_term_string}\",\"query-input\":\"required name=search_term_string\"}],\"inLanguage\":\"de\"},{\"@type\":\"WebPage\",\"@id\":\"https:\/\/www.wertfabrik.ch\/de\/seminare-2024\/#webpage\",\"url\":\"https:\/\/www.wertfabrik.ch\/de\/seminare-2024\/\",\"name\":\"Das Seminarprogramm 2024 ist online! - Wertfabrik\",\"isPartOf\":{\"@id\":\"https:\/\/www.wertfabrik.ch\/de\/#website\"},\"datePublished\":\"2023-11-28T10:17:02+00:00\",\"dateModified\":\"2023-11-28T10:17:58+00:00\",\"author\":{\"@id\":\"https:\/\/www.wertfabrik.ch\/de\/#\/schema\/person\/54b7b64aef25c818a0a9f2b3ddb288b7\"},\"inLanguage\":\"de\",\"potentialAction\":[{\"@type\":\"ReadAction\",\"target\":[\"https:\/\/www.wertfabrik.ch\/de\/seminare-2024\/\"]}]},{\"@type\":\"Person\",\"@id\":\"https:\/\/www.wertfabrik.ch\/de\/#\/schema\/person\/54b7b64aef25c818a0a9f2b3ddb288b7\",\"name\":\"davidmoser\",\"image\":{\"@type\":\"ImageObject\",\"@id\":\"https:\/\/www.wertfabrik.ch\/de\/#personlogo\",\"inLanguage\":\"de\",\"url\":\"https:\/\/secure.gravatar.com\/avatar\/2b5e559c5b3a456ce7ad0a73b5696225?s=96&d=mm&r=g\",\"caption\":\"davidmoser\"}}]}<\/script>\n<!-- \/ Yoast SEO plugin. -->","_links":{"self":[{"href":"https:\/\/www.wertfabrik.ch\/de\/wp-json\/wp\/v2\/posts\/8146"}],"collection":[{"href":"https:\/\/www.wertfabrik.ch\/de\/wp-json\/wp\/v2\/posts"}],"about":[{"href":"https:\/\/www.wertfabrik.ch\/de\/wp-json\/wp\/v2\/types\/post"}],"author":[{"embeddable":true,"href":"https:\/\/www.wertfabrik.ch\/de\/wp-json\/wp\/v2\/users\/4"}],"replies":[{"embeddable":true,"href":"https:\/\/www.wertfabrik.ch\/de\/wp-json\/wp\/v2\/comments?post=8146"}],"version-history":[{"count":7,"href":"https:\/\/www.wertfabrik.ch\/de\/wp-json\/wp\/v2\/posts\/8146\/revisions"}],"predecessor-version":[{"id":8154,"href":"https:\/\/www.wertfabrik.ch\/de\/wp-json\/wp\/v2\/posts\/8146\/revisions\/8154"}],"wp:attachment":[{"href":"https:\/\/www.wertfabrik.ch\/de\/wp-json\/wp\/v2\/media?parent=8146"}],"wp:term":[{"taxonomy":"category","embeddable":true,"href":"https:\/\/www.wertfabrik.ch\/de\/wp-json\/wp\/v2\/categories?post=8146"},{"taxonomy":"post_tag","embeddable":true,"href":"https:\/\/www.wertfabrik.ch\/de\/wp-json\/wp\/v2\/tags?post=8146"}],"curies":[{"name":"wp","href":"https:\/\/api.w.org\/{rel}","templated":true}]}}